{"id":919,"date":"2010-05-22T15:26:16","date_gmt":"2010-05-22T13:26:16","guid":{"rendered":"http:\/\/caleidoscopio.saraolmos.com\/?p=919"},"modified":"2010-05-22T15:28:26","modified_gmt":"2010-05-22T13:28:26","slug":"tiempo-variable","status":"publish","type":"post","link":"https:\/\/caleidoscopio.saraolmos.com\/?p=919","title":{"rendered":"Tiempo variable"},"content":{"rendered":"<p>En las \u00faltimas semanas, el tiempo en Roma sufre de ciclotimia. La lluvia y el fr\u00edo dejan sitio a d\u00edas soleados y c\u00e1lidos, anunciando la personalidad que vencer\u00e1 en los pr\u00f3ximos meses.<\/p>\n<p>Yo paseo con un paraguas de inquilino en la mochila.<br \/>\nLas farolas a\u00fan no se han quitado la <strong>bufanda<\/strong>.<\/p>\n<p><img loading=\"lazy\" decoding=\"async\" class=\"alignnone\" title=\"Farolas con bufanda\" src=\"http:\/\/farm5.static.flickr.com\/4048\/4626835509_44715c4a13_o.jpg\" alt=\"\" width=\"400\" height=\"711\" \/><\/p>\n<p><img loading=\"lazy\" decoding=\"async\" class=\"alignnone\" title=\"Farolas con bufanda.\" src=\"http:\/\/farm4.static.flickr.com\/3363\/4627440344_3f4b712d73_o.jpg\" alt=\"\" width=\"400\" height=\"695\" \/><\/p>\n<p><img loading=\"lazy\" decoding=\"async\" class=\"alignnone\" title=\"Farolas con bufanda\" src=\"http:\/\/farm4.static.flickr.com\/3321\/4626834701_2531f166cf_o.jpg\" alt=\"\" width=\"400\" height=\"711\" \/><\/p>\n<p><img loading=\"lazy\" decoding=\"async\" class=\"alignnone\" title=\"Farolas con bufanda\" src=\"http:\/\/farm5.static.flickr.com\/4034\/4626834953_72f6a43cda_o.jpg\" alt=\"\" width=\"400\" height=\"708\" \/><\/p>\n<p><img loading=\"lazy\" decoding=\"async\" class=\"alignnone\" title=\"Farolas con bufanda\" src=\"http:\/\/farm5.static.flickr.com\/4062\/4627440466_547635603e_o.jpg\" alt=\"\" width=\"400\" height=\"725\" \/><\/p>\n<p><img loading=\"lazy\" decoding=\"async\" class=\"alignnone\" title=\"Farolas con bufanda\" src=\"http:\/\/farm5.static.flickr.com\/4008\/4627441072_65e7cddf36_o.jpg\" alt=\"\" width=\"400\" height=\"711\" \/><\/p>\n<p><img loading=\"lazy\" decoding=\"async\" class=\"alignnone\" title=\"Farolas con bufanda\" src=\"http:\/\/farm5.static.flickr.com\/4037\/4626833907_d5e3d809eb_o.jpg\" alt=\"\" width=\"400\" height=\"711\" \/><\/p>\n<p><img loading=\"lazy\" decoding=\"async\" title=\"Farolas con bufanda\" src=\"http:\/\/farm5.static.flickr.com\/4068\/4626835053_f9a0a927f5_o.jpg\" alt=\"\" width=\"500\" height=\"326\" \/><\/p>\n<pre>Instalaci\u00f3n art\u00edstica de <a title=\"Magda Sayeg\" href=\"http:\/\/www.magdasayeg.com\/home.html\" target=\"_blank\">Magda Sayeg<\/a>.<\/pre>\n","protected":false},"excerpt":{"rendered":"<p>En las \u00faltimas semanas, el tiempo en Roma sufre de ciclotimia. La lluvia y el fr\u00edo dejan sitio a d\u00edas soleados y c\u00e1lidos, anunciando la personalidad que vencer\u00e1 en los pr\u00f3ximos meses. Yo paseo con un paraguas de inquilino en la mochila. Las farolas a\u00fan no se han quitado la bufanda. Instalaci\u00f3n art\u00edstica de Magda [&hellip;]<\/p>\n","protected":false},"author":1,"featured_media":0,"comment_status":"open","ping_status":"open","sticky":false,"template":"","format":"standard","meta":{"footnotes":""},"categories":[4,14],"tags":[119,120,507,41,117,501,51,118],"class_list":["post-919","post","type-post","status-publish","format-standard","hentry","category-foto","category-roma","tag-art","tag-arte","tag-italia","tag-italy","tag-knitting","tag-roma","tag-rome","tag-via-nazionale","post-preview"],"_links":{"self":[{"href":"https:\/\/caleidoscopio.saraolmos.com\/index.php?rest_route=\/wp\/v2\/posts\/919","targetHints":{"allow":["GET"]}}],"collection":[{"href":"https:\/\/caleidoscopio.saraolmos.com\/index.php?rest_route=\/wp\/v2\/posts"}],"about":[{"href":"https:\/\/caleidoscopio.saraolmos.com\/index.php?rest_route=\/wp\/v2\/types\/post"}],"author":[{"embeddable":true,"href":"https:\/\/caleidoscopio.saraolmos.com\/index.php?rest_route=\/wp\/v2\/users\/1"}],"replies":[{"embeddable":true,"href":"https:\/\/caleidoscopio.saraolmos.com\/index.php?rest_route=%2Fwp%2Fv2%2Fcomments&post=919"}],"version-history":[{"count":11,"href":"https:\/\/caleidoscopio.saraolmos.com\/index.php?rest_route=\/wp\/v2\/posts\/919\/revisions"}],"predecessor-version":[{"id":929,"href":"https:\/\/caleidoscopio.saraolmos.com\/index.php?rest_route=\/wp\/v2\/posts\/919\/revisions\/929"}],"wp:attachment":[{"href":"https:\/\/caleidoscopio.saraolmos.com\/index.php?rest_route=%2Fwp%2Fv2%2Fmedia&parent=919"}],"wp:term":[{"taxonomy":"category","embeddable":true,"href":"https:\/\/caleidoscopio.saraolmos.com\/index.php?rest_route=%2Fwp%2Fv2%2Fcategories&post=919"},{"taxonomy":"post_tag","embeddable":true,"href":"https:\/\/caleidoscopio.saraolmos.com\/index.php?rest_route=%2Fwp%2Fv2%2Ftags&post=919"}],"curies":[{"name":"wp","href":"https:\/\/api.w.org\/{rel}","templated":true}]}}