{"id":488,"date":"2008-11-10T16:23:26","date_gmt":"2008-11-10T14:23:26","guid":{"rendered":"http:\/\/caleidoscopio.saraolmos.com\/?p=488"},"modified":"2008-11-23T16:55:49","modified_gmt":"2008-11-23T14:55:49","slug":"montanas-de-letras","status":"publish","type":"post","link":"https:\/\/caleidoscopio.saraolmos.com\/?p=488","title":{"rendered":"Monta\u00f1as y flores&#8230;"},"content":{"rendered":"<p>&#8230; de <strong>letras<\/strong>.<\/p>\n<p>Si \u00faltimamente estoy desaparecida es porque ando detr\u00e1s de una de estas <strong>monta\u00f1as<\/strong>.<\/p>\n<p><img decoding=\"async\" src=\"http:\/\/farm4.static.flickr.com\/3055\/3051928133_3d88c616c9_o.jpg\" alt=\"monta\u00f1as de libros\" vspace=\"4\" \/><br \/>\n<img decoding=\"async\" src=\"http:\/\/farm4.static.flickr.com\/3234\/3051928135_b4f0058b94_o.jpg\" alt=\"monta\u00f1as de libros\" vspace=\"4\" \/><\/p>\n<p>Tengo tambi\u00e9n unos cuantos emails por responder, prometo hacerlo poco a poco.<br \/>\n<span style=\"font-size: 90%\">___________________<br \/>\n<strong>Montagnes et fleures&#8230;<br \/>\n<\/strong>&#8230;des<strong> lettres<\/strong><br \/>\nSi derni\u00e8rement je suis disparue c&#8217;est parce que je suis derri\u00e8re une de ces <strong>montagnes<\/strong>.<br \/>\nJ&#8217;ai aussi quelques emails \u00e0 r\u00e9pondre, je promets de le faire peu \u00e0 peu.<\/span><\/p>\n","protected":false},"excerpt":{"rendered":"<p>&#8230; de letras. Si \u00faltimamente estoy desaparecida es porque ando detr\u00e1s de una de estas monta\u00f1as. Tengo tambi\u00e9n unos cuantos emails por responder, prometo hacerlo poco a poco. ___________________ Montagnes et fleures&#8230; &#8230;des lettres Si derni\u00e8rement je suis disparue c&#8217;est parce que je suis derri\u00e8re une de ces montagnes. J&#8217;ai aussi quelques emails \u00e0 r\u00e9pondre, [&hellip;]<\/p>\n","protected":false},"author":1,"featured_media":0,"comment_status":"open","ping_status":"open","sticky":false,"template":"","format":"standard","meta":{"footnotes":""},"categories":[4,25,28,11],"tags":[],"class_list":["post-488","post","type-post","status-publish","format-standard","hentry","category-foto","category-libro","category-nueva-york","category-tipografia","post-preview"],"_links":{"self":[{"href":"https:\/\/caleidoscopio.saraolmos.com\/index.php?rest_route=\/wp\/v2\/posts\/488","targetHints":{"allow":["GET"]}}],"collection":[{"href":"https:\/\/caleidoscopio.saraolmos.com\/index.php?rest_route=\/wp\/v2\/posts"}],"about":[{"href":"https:\/\/caleidoscopio.saraolmos.com\/index.php?rest_route=\/wp\/v2\/types\/post"}],"author":[{"embeddable":true,"href":"https:\/\/caleidoscopio.saraolmos.com\/index.php?rest_route=\/wp\/v2\/users\/1"}],"replies":[{"embeddable":true,"href":"https:\/\/caleidoscopio.saraolmos.com\/index.php?rest_route=%2Fwp%2Fv2%2Fcomments&post=488"}],"version-history":[{"count":0,"href":"https:\/\/caleidoscopio.saraolmos.com\/index.php?rest_route=\/wp\/v2\/posts\/488\/revisions"}],"wp:attachment":[{"href":"https:\/\/caleidoscopio.saraolmos.com\/index.php?rest_route=%2Fwp%2Fv2%2Fmedia&parent=488"}],"wp:term":[{"taxonomy":"category","embeddable":true,"href":"https:\/\/caleidoscopio.saraolmos.com\/index.php?rest_route=%2Fwp%2Fv2%2Fcategories&post=488"},{"taxonomy":"post_tag","embeddable":true,"href":"https:\/\/caleidoscopio.saraolmos.com\/index.php?rest_route=%2Fwp%2Fv2%2Ftags&post=488"}],"curies":[{"name":"wp","href":"https:\/\/api.w.org\/{rel}","templated":true}]}}