{"id":306,"date":"2007-06-21T16:04:00","date_gmt":"2007-06-21T16:04:00","guid":{"rendered":"http:\/\/caleidoscopio.saraolmos.com\/?p=306"},"modified":"2007-11-21T10:53:33","modified_gmt":"2007-11-21T10:53:33","slug":"solsticio-de-verano","status":"publish","type":"post","link":"https:\/\/caleidoscopio.saraolmos.com\/?p=306","title":{"rendered":"Solsticio de verano"},"content":{"rendered":"<p>El d\u00eda m\u00e1s largo trae <span style=\"font-weight: bold\">la noche m\u00e1s corta<\/span>.<br \/>\n23 horas de veranos y una de noche.<br \/>\n<img decoding=\"async\" src=\"http:\/\/farm2.static.flickr.com\/1268\/581382833_6517b072eb.jpg?v=0\" title=\"solsticio de verano\" alt=\"solsticio de verano\" vspace=\"20\" width=\"400\" \/><br \/>\n<span style=\"color: #cc9933; font-size: 85%\">___________________<br \/>\n<span style=\"font-weight: bold\">Solstice d&#8217;\u00e9t\u00e9<\/span><br \/>\nLe jour le plus long am\u00e8ne la nuit la plus courte.<br \/>\n23 heures d&#8217;\u00e9t\u00e9s et une seule de nuit.<\/span><\/p>\n","protected":false},"excerpt":{"rendered":"<p>El d\u00eda m\u00e1s largo trae la noche m\u00e1s corta. 23 horas de veranos y una de noche. ___________________ Solstice d&#8217;\u00e9t\u00e9 Le jour le plus long am\u00e8ne la nuit la plus courte. 23 heures d&#8217;\u00e9t\u00e9s et une seule de nuit.<\/p>\n","protected":false},"author":1,"featured_media":0,"comment_status":"open","ping_status":"open","sticky":false,"template":"","format":"standard","meta":{"footnotes":""},"categories":[4,5],"tags":[],"class_list":["post-306","post","type-post","status-publish","format-standard","hentry","category-foto","category-momentos","post-preview"],"_links":{"self":[{"href":"https:\/\/caleidoscopio.saraolmos.com\/index.php?rest_route=\/wp\/v2\/posts\/306","targetHints":{"allow":["GET"]}}],"collection":[{"href":"https:\/\/caleidoscopio.saraolmos.com\/index.php?rest_route=\/wp\/v2\/posts"}],"about":[{"href":"https:\/\/caleidoscopio.saraolmos.com\/index.php?rest_route=\/wp\/v2\/types\/post"}],"author":[{"embeddable":true,"href":"https:\/\/caleidoscopio.saraolmos.com\/index.php?rest_route=\/wp\/v2\/users\/1"}],"replies":[{"embeddable":true,"href":"https:\/\/caleidoscopio.saraolmos.com\/index.php?rest_route=%2Fwp%2Fv2%2Fcomments&post=306"}],"version-history":[{"count":0,"href":"https:\/\/caleidoscopio.saraolmos.com\/index.php?rest_route=\/wp\/v2\/posts\/306\/revisions"}],"wp:attachment":[{"href":"https:\/\/caleidoscopio.saraolmos.com\/index.php?rest_route=%2Fwp%2Fv2%2Fmedia&parent=306"}],"wp:term":[{"taxonomy":"category","embeddable":true,"href":"https:\/\/caleidoscopio.saraolmos.com\/index.php?rest_route=%2Fwp%2Fv2%2Fcategories&post=306"},{"taxonomy":"post_tag","embeddable":true,"href":"https:\/\/caleidoscopio.saraolmos.com\/index.php?rest_route=%2Fwp%2Fv2%2Ftags&post=306"}],"curies":[{"name":"wp","href":"https:\/\/api.w.org\/{rel}","templated":true}]}}