{"id":213,"date":"2007-03-21T23:02:00","date_gmt":"2007-03-21T23:02:00","guid":{"rendered":"http:\/\/caleidoscopio.saraolmos.com\/?p=213"},"modified":"2007-12-03T22:28:13","modified_gmt":"2007-12-03T21:28:13","slug":"delito","status":"publish","type":"post","link":"https:\/\/caleidoscopio.saraolmos.com\/?p=213","title":{"rendered":"Delito"},"content":{"rendered":"<p>\u00bfPor qu\u00e9 robaron todos los libros de <span style=\"font-style: italic\">aquella<\/span> <span style=\"font-weight: bold\">balda<\/span>?<\/p>\n<p><img decoding=\"async\" src=\"http:\/\/farm1.static.flickr.com\/161\/429736264_6b297db3bd.jpg?v=0\" alt=\"Mercadillo de libros en Roma\" vspace=\"5\" width=\"300\" \/><br \/>\n<span style=\"color: #ffffff\">&#8212;&#8212;&#8212;&#8212;&#8212;&#8212;&#8212;&#8212;&#8212;&#8212;&#8212;&#8212;&#8212;&#8212;&#8212;&#8212;&#8212;&#8212;&#8212;&#8212;<\/span><br \/>\n<span style=\"color: #cc9933; font-size: 85%\">___________________<br \/>\n<span style=\"color: #cc9933\"><span style=\"font-weight: bold\">Le d\u00e9lit<br \/>\n<\/span>Pourquoi ont-ils vol\u00e9 tous les livres de <span style=\"font-style: italic\">ce rayon-l\u00e0<\/span>?<\/span><\/span><\/p>\n","protected":false},"excerpt":{"rendered":"<p>\u00bfPor qu\u00e9 robaron todos los libros de aquella balda? &#8212;&#8212;&#8212;&#8212;&#8212;&#8212;&#8212;&#8212;&#8212;&#8212;&#8212;&#8212;&#8212;&#8212;&#8212;&#8212;&#8212;&#8212;&#8212;&#8212; ___________________ Le d\u00e9lit Pourquoi ont-ils vol\u00e9 tous les livres de ce rayon-l\u00e0?<\/p>\n","protected":false},"author":1,"featured_media":0,"comment_status":"open","ping_status":"open","sticky":false,"template":"","format":"standard","meta":{"footnotes":""},"categories":[4,14],"tags":[],"class_list":["post-213","post","type-post","status-publish","format-standard","hentry","category-foto","category-roma","post-preview"],"_links":{"self":[{"href":"https:\/\/caleidoscopio.saraolmos.com\/index.php?rest_route=\/wp\/v2\/posts\/213","targetHints":{"allow":["GET"]}}],"collection":[{"href":"https:\/\/caleidoscopio.saraolmos.com\/index.php?rest_route=\/wp\/v2\/posts"}],"about":[{"href":"https:\/\/caleidoscopio.saraolmos.com\/index.php?rest_route=\/wp\/v2\/types\/post"}],"author":[{"embeddable":true,"href":"https:\/\/caleidoscopio.saraolmos.com\/index.php?rest_route=\/wp\/v2\/users\/1"}],"replies":[{"embeddable":true,"href":"https:\/\/caleidoscopio.saraolmos.com\/index.php?rest_route=%2Fwp%2Fv2%2Fcomments&post=213"}],"version-history":[{"count":0,"href":"https:\/\/caleidoscopio.saraolmos.com\/index.php?rest_route=\/wp\/v2\/posts\/213\/revisions"}],"wp:attachment":[{"href":"https:\/\/caleidoscopio.saraolmos.com\/index.php?rest_route=%2Fwp%2Fv2%2Fmedia&parent=213"}],"wp:term":[{"taxonomy":"category","embeddable":true,"href":"https:\/\/caleidoscopio.saraolmos.com\/index.php?rest_route=%2Fwp%2Fv2%2Fcategories&post=213"},{"taxonomy":"post_tag","embeddable":true,"href":"https:\/\/caleidoscopio.saraolmos.com\/index.php?rest_route=%2Fwp%2Fv2%2Ftags&post=213"}],"curies":[{"name":"wp","href":"https:\/\/api.w.org\/{rel}","templated":true}]}}