{"id":212,"date":"2007-03-21T12:07:00","date_gmt":"2007-03-21T12:07:00","guid":{"rendered":"http:\/\/caleidoscopio.saraolmos.com\/?p=212"},"modified":"2007-12-03T21:45:48","modified_gmt":"2007-12-03T20:45:48","slug":"primavera","status":"publish","type":"post","link":"https:\/\/caleidoscopio.saraolmos.com\/?p=212","title":{"rendered":"Primavera"},"content":{"rendered":"<p>Bienvenida la <span style=\"font-weight: bold\">primavera<\/span>.<\/p>\n<p>Yo la estreno con este precioso cuaderno ilustrado por <span style=\"font-weight: bold\">Laura Stoddart<\/span> y salpicado de frases literarias que me servir\u00e1n para regar poco a poco la mara\u00f1a de mi reseco alem\u00e1n.<\/p>\n<p><img decoding=\"async\" src=\"http:\/\/farm1.static.flickr.com\/183\/429244362_ea23fcda97.jpg?v=0\" alt=\"Gl\u00fccks Tagebuch\" vspace=\"5\" width=\"300\" \/><\/p>\n<p><img decoding=\"async\" src=\"http:\/\/farm1.static.flickr.com\/155\/429127736_46794bd7fd.jpg?v=0\" alt=\"Gl\u00fccks Tagebuch\" vspace=\"5\" width=\"400\" \/><\/p>\n<p><img decoding=\"async\" src=\"http:\/\/farm1.static.flickr.com\/153\/429145705_858eb2baef.jpg?v=0\" alt=\"Gl\u00fccks Tagebuch\" vspace=\"5\" width=\"300\" \/><\/p>\n<p><span style=\"color: #ffffff\">&#8212;&#8212;&#8212;&#8212;&#8212;&#8212;&#8212;&#8212;&#8212;&#8212;&#8212;&#8212;&#8212;&#8212;&#8212;&#8212;&#8212;&#8212;&#8212;&#8212;&#8212;&#8212;&#8212;&#8212;&#8212;<\/span><br \/>\n<img decoding=\"async\" src=\"http:\/\/farm1.static.flickr.com\/181\/429127738_0f05485326.jpg?v=0\" alt=\"El libro de la primavera\" vspace=\"5\" width=\"300\" \/><br \/>\n<span style=\"font-size: 85%\"><\/span><\/p>\n<p>(Ilustraciones de <span style=\"font-weight: bold; font-size: 85%\">Laura Stoddart<\/span><span style=\"font-size: 85%\">)<\/span><\/p>\n<p style=\"text-align: center\">***<\/p>\n<p><span style=\"font-style: italic\">&#8220;Die Folianten vergilben, der St\u00e4dte gelehrter Glanz erbleicht, aber <span style=\"font-weight: bold\">das Buch der Natur<\/span> erh\u00e4lt jedes Jahr eine neue Auflage&#8221;<\/span>.<\/p>\n<p style=\"text-align: right\"><span style=\"font-weight: bold\">Hans Christian Andersen<\/span>.<\/p>\n<p><span style=\"font-size: 85%\">M\u00e1s o menos dice as\u00ed:<br \/>\n&#8220;Los libros amarillean, el culto resplandor de las ciudades palidece, pero el libro de la naturaleza alcanza cada a\u00f1o una nueva edici\u00f3n&#8221;.<\/span><br \/>\n<span style=\"color: #ffffff\">.<\/span><\/p>\n","protected":false},"excerpt":{"rendered":"<p>Bienvenida la primavera. Yo la estreno con este precioso cuaderno ilustrado por Laura Stoddart y salpicado de frases literarias que me servir\u00e1n para regar poco a poco la mara\u00f1a de mi reseco alem\u00e1n. &#8212;&#8212;&#8212;&#8212;&#8212;&#8212;&#8212;&#8212;&#8212;&#8212;&#8212;&#8212;&#8212;&#8212;&#8212;&#8212;&#8212;&#8212;&#8212;&#8212;&#8212;&#8212;&#8212;&#8212;&#8212; (Ilustraciones de Laura Stoddart) *** &#8220;Die Folianten vergilben, der St\u00e4dte gelehrter Glanz erbleicht, aber das Buch der Natur erh\u00e4lt jedes Jahr [&hellip;]<\/p>\n","protected":false},"author":1,"featured_media":0,"comment_status":"open","ping_status":"open","sticky":false,"template":"","format":"standard","meta":{"footnotes":""},"categories":[15,9,11],"tags":[],"class_list":["post-212","post","type-post","status-publish","format-standard","hentry","category-citas","category-ilustracion","category-tipografia","post-preview"],"_links":{"self":[{"href":"https:\/\/caleidoscopio.saraolmos.com\/index.php?rest_route=\/wp\/v2\/posts\/212","targetHints":{"allow":["GET"]}}],"collection":[{"href":"https:\/\/caleidoscopio.saraolmos.com\/index.php?rest_route=\/wp\/v2\/posts"}],"about":[{"href":"https:\/\/caleidoscopio.saraolmos.com\/index.php?rest_route=\/wp\/v2\/types\/post"}],"author":[{"embeddable":true,"href":"https:\/\/caleidoscopio.saraolmos.com\/index.php?rest_route=\/wp\/v2\/users\/1"}],"replies":[{"embeddable":true,"href":"https:\/\/caleidoscopio.saraolmos.com\/index.php?rest_route=%2Fwp%2Fv2%2Fcomments&post=212"}],"version-history":[{"count":0,"href":"https:\/\/caleidoscopio.saraolmos.com\/index.php?rest_route=\/wp\/v2\/posts\/212\/revisions"}],"wp:attachment":[{"href":"https:\/\/caleidoscopio.saraolmos.com\/index.php?rest_route=%2Fwp%2Fv2%2Fmedia&parent=212"}],"wp:term":[{"taxonomy":"category","embeddable":true,"href":"https:\/\/caleidoscopio.saraolmos.com\/index.php?rest_route=%2Fwp%2Fv2%2Fcategories&post=212"},{"taxonomy":"post_tag","embeddable":true,"href":"https:\/\/caleidoscopio.saraolmos.com\/index.php?rest_route=%2Fwp%2Fv2%2Ftags&post=212"}],"curies":[{"name":"wp","href":"https:\/\/api.w.org\/{rel}","templated":true}]}}