{"id":1121,"date":"2011-11-22T00:08:26","date_gmt":"2011-11-21T23:08:26","guid":{"rendered":"http:\/\/caleidoscopio.saraolmos.com\/?p=1121"},"modified":"2011-11-22T00:10:35","modified_gmt":"2011-11-21T23:10:35","slug":"tre-colori-dante","status":"publish","type":"post","link":"https:\/\/caleidoscopio.saraolmos.com\/?p=1121","title":{"rendered":"Tre colori, Dante"},"content":{"rendered":"<p><img loading=\"lazy\" decoding=\"async\" class=\"alignnone\" title=\"Forme e colori dellitalia unita\" src=\"http:\/\/farm7.staticflickr.com\/6093\/6379211245_5ab0b7e4bb_o.jpg\" alt=\"\" width=\"500\" height=\"404\" \/><\/p>\n<p>He participado en una exposici\u00f3n sobre el <strong>150 <\/strong>aniversario de la unidad de Italia.<\/p>\n<p><img loading=\"lazy\" decoding=\"async\" class=\"alignnone\" title=\"Tre colori, Dante\" src=\"http:\/\/farm7.staticflickr.com\/6091\/6379208255_46beff499c_o.jpg\" alt=\"\" width=\"500\" height=\"389\" \/><\/p>\n<p>Mi obra representa una bandera: verde, blanca y roja. Pero no es una  bandera como las dem\u00e1s, \u00e9sta es la bandera de la cultura italiana, de su  lengua, y ha sido tejida con los m\u00e1s bellos hilos de la literatura  italiana: los versos de la Divina Comedia.<\/p>\n<p><img loading=\"lazy\" decoding=\"async\" class=\"alignnone\" title=\"inferno\" src=\"http:\/\/farm7.staticflickr.com\/6111\/6379460579_c09e9003ea_o.jpg\" alt=\"\" width=\"500\" height=\"348\" \/><\/p>\n<p><img loading=\"lazy\" decoding=\"async\" class=\"alignnone\" title=\"purgatorio\" src=\"http:\/\/farm7.staticflickr.com\/6213\/6379517773_46db7e44f5_o.jpg\" alt=\"\" width=\"500\" height=\"349\" \/><\/p>\n<p><img loading=\"lazy\" decoding=\"async\" class=\"alignnone\" title=\"paradiso\" src=\"http:\/\/farm7.staticflickr.com\/6236\/6379520423_5e768a8878_o.jpg\" alt=\"\" width=\"500\" height=\"348\" \/><\/p>\n<p><img loading=\"lazy\" decoding=\"async\" class=\"alignnone\" title=\"Fotografiando\" src=\"http:\/\/farm7.staticflickr.com\/6054\/6379210229_783591c261_o.jpg\" alt=\"\" width=\"500\" height=\"500\" \/><\/p>\n<p>(he hecho alguna foto, mientras me hac\u00edan alguna foto&#8230;)<\/p>\n<p><img loading=\"lazy\" decoding=\"async\" class=\"alignnone\" title=\"Dante e Beatrice\" src=\"http:\/\/farm7.staticflickr.com\/6059\/6379210637_83dcc30807_o.jpg\" alt=\"\" width=\"500\" height=\"352\" \/><\/p>\n<p><img loading=\"lazy\" decoding=\"async\" class=\"alignnone\" title=\"purgatorio\" src=\"http:\/\/farm7.staticflickr.com\/6110\/6379211047_21328e9d4f_o.jpg\" alt=\"\" width=\"500\" height=\"380\" \/><\/p>\n<p><img loading=\"lazy\" decoding=\"async\" class=\"alignnone\" title=\"Dante en el purgatorio\" src=\"http:\/\/farm7.staticflickr.com\/6212\/6379209351_f9b4019139_o.jpg\" alt=\"\" width=\"500\" height=\"367\" \/><\/p>\n<p><img loading=\"lazy\" decoding=\"async\" class=\"alignnone\" title=\"Spettatori\" src=\"http:\/\/farm7.staticflickr.com\/6223\/6379209923_58746dea40_o.jpg\" alt=\"\" width=\"500\" height=\"281\" \/><\/p>\n<p><img loading=\"lazy\" decoding=\"async\" class=\"alignnone\" title=\"Tre colori, Dante\" src=\"http:\/\/farm7.staticflickr.com\/6041\/6379209645_2b462792bd_o.jpg\" alt=\"\" width=\"500\" height=\"379\" \/><\/p>\n","protected":false},"excerpt":{"rendered":"<p>He participado en una exposici\u00f3n sobre el 150 aniversario de la unidad de Italia. Mi obra representa una bandera: verde, blanca y roja. Pero no es una bandera como las dem\u00e1s, \u00e9sta es la bandera de la cultura italiana, de su lengua, y ha sido tejida con los m\u00e1s bellos hilos de la literatura italiana: [&hellip;]<\/p>\n","protected":false},"author":1,"featured_media":0,"comment_status":"open","ping_status":"open","sticky":false,"template":"","format":"standard","meta":{"footnotes":""},"categories":[4,9,25,14,11],"tags":[216,220,217,218,222,221,501,219,500,50,215],"class_list":["post-1121","post","type-post","status-publish","format-standard","hentry","category-foto","category-ilustracion","category-libro","category-roma","category-tipografia","tag-216","tag-book","tag-dante","tag-divina-commedia","tag-exposicion","tag-poster","tag-roma","tag-text","tag-tipografia","tag-typography","tag-unita-ditalia","post-preview"],"_links":{"self":[{"href":"https:\/\/caleidoscopio.saraolmos.com\/index.php?rest_route=\/wp\/v2\/posts\/1121","targetHints":{"allow":["GET"]}}],"collection":[{"href":"https:\/\/caleidoscopio.saraolmos.com\/index.php?rest_route=\/wp\/v2\/posts"}],"about":[{"href":"https:\/\/caleidoscopio.saraolmos.com\/index.php?rest_route=\/wp\/v2\/types\/post"}],"author":[{"embeddable":true,"href":"https:\/\/caleidoscopio.saraolmos.com\/index.php?rest_route=\/wp\/v2\/users\/1"}],"replies":[{"embeddable":true,"href":"https:\/\/caleidoscopio.saraolmos.com\/index.php?rest_route=%2Fwp%2Fv2%2Fcomments&post=1121"}],"version-history":[{"count":6,"href":"https:\/\/caleidoscopio.saraolmos.com\/index.php?rest_route=\/wp\/v2\/posts\/1121\/revisions"}],"predecessor-version":[{"id":1126,"href":"https:\/\/caleidoscopio.saraolmos.com\/index.php?rest_route=\/wp\/v2\/posts\/1121\/revisions\/1126"}],"wp:attachment":[{"href":"https:\/\/caleidoscopio.saraolmos.com\/index.php?rest_route=%2Fwp%2Fv2%2Fmedia&parent=1121"}],"wp:term":[{"taxonomy":"category","embeddable":true,"href":"https:\/\/caleidoscopio.saraolmos.com\/index.php?rest_route=%2Fwp%2Fv2%2Fcategories&post=1121"},{"taxonomy":"post_tag","embeddable":true,"href":"https:\/\/caleidoscopio.saraolmos.com\/index.php?rest_route=%2Fwp%2Fv2%2Ftags&post=1121"}],"curies":[{"name":"wp","href":"https:\/\/api.w.org\/{rel}","templated":true}]}}