{"id":949,"date":"2010-07-05T13:20:18","date_gmt":"2010-07-05T11:20:18","guid":{"rendered":"http:\/\/caleidoscopio.saraolmos.com\/?p=949"},"modified":"2010-07-05T13:20:18","modified_gmt":"2010-07-05T11:20:18","slug":"conciertos","status":"publish","type":"post","link":"http:\/\/caleidoscopio.saraolmos.com\/?p=949","title":{"rendered":"Conciertos"},"content":{"rendered":"<p>A las pocas semanas de llegar a Roma, yendo en metro, escuch\u00e9 una canci\u00f3n que me hizo levantar los ojos del libro y no volver a bajarlos despu\u00e9s. Era <strong>Mario, del Ecuador<\/strong>, como se nos present\u00f3, guitarra en mano, camisa blanca con bordados rojos, pelo negro recogido en una coleta y un bolsito colgando sobre la cintura. Cantaba con Roger, que hac\u00eda los coros al tiempo que tocaba el viol\u00edn. Son\u00f3 El Carretero. El vag\u00f3n se convirti\u00f3 en un par\u00e9ntesis que se deslizaba bajo tierra repleto de sus acordes, los viajeros nos transformamos en un p\u00fablico atento y respetuoso. Se bajaron con el bolsito algo m\u00e1s engordado y cerrando el par\u00e9ntesis tras de s\u00ed.<\/p>\n<p>Hace unos d\u00edas volv\u00ed a escuchar El Carretero, no de la voz de Mario, no en un vag\u00f3n de metro. Esta vez hab\u00edamos pagado todos por adelantado. En el escenario: Buena Vista Social Club. Y me acord\u00e9 de Mario, del Ecuador, con su bolsito tejido con un paisaje andino.<\/p>\n<p>Muchas gracias y buen <strong>proseguimiento<\/strong>, (como se despedir\u00eda \u00e9l).<\/p>\n<p><img loading=\"lazy\" decoding=\"async\" alt=\"\" src=\"http:\/\/farm5.static.flickr.com\/4143\/4763722276_c36941ed7d_o.jpg\" title=\"Buena Vista Social Club con Omara Portuondo\" class=\"alignnone\" width=\"500\" height=\"323\" \/><\/p>\n<p><object width=\"353\" height=\"132\"><embed src=\"http:\/\/www.goear.com\/files\/external.swf?file=00a6212\" type=\"application\/x-shockwave-flash\" wmode=\"transparent\" quality=\"high\" width=\"353\" height=\"132\"><\/embed><\/object><\/p>\n","protected":false},"excerpt":{"rendered":"<p>A las pocas semanas de llegar a Roma, yendo en metro, escuch\u00e9 una canci\u00f3n que me hizo levantar los ojos del libro y no volver a bajarlos despu\u00e9s. Era Mario, del Ecuador, como se nos present\u00f3, guitarra en mano, camisa blanca con bordados rojos, pelo negro recogido en una coleta y un bolsito colgando sobre [&hellip;]<\/p>\n","protected":false},"author":1,"featured_media":0,"comment_status":"open","ping_status":"open","sticky":false,"template":"","format":"standard","meta":{"footnotes":""},"categories":[4,17,19,14],"tags":[],"class_list":["post-949","post","type-post","status-publish","format-standard","hentry","category-foto","category-musica","category-otros","category-roma","post-preview"],"_links":{"self":[{"href":"http:\/\/caleidoscopio.saraolmos.com\/index.php?rest_route=\/wp\/v2\/posts\/949","targetHints":{"allow":["GET"]}}],"collection":[{"href":"http:\/\/caleidoscopio.saraolmos.com\/index.php?rest_route=\/wp\/v2\/posts"}],"about":[{"href":"http:\/\/caleidoscopio.saraolmos.com\/index.php?rest_route=\/wp\/v2\/types\/post"}],"author":[{"embeddable":true,"href":"http:\/\/caleidoscopio.saraolmos.com\/index.php?rest_route=\/wp\/v2\/users\/1"}],"replies":[{"embeddable":true,"href":"http:\/\/caleidoscopio.saraolmos.com\/index.php?rest_route=%2Fwp%2Fv2%2Fcomments&post=949"}],"version-history":[{"count":11,"href":"http:\/\/caleidoscopio.saraolmos.com\/index.php?rest_route=\/wp\/v2\/posts\/949\/revisions"}],"predecessor-version":[{"id":960,"href":"http:\/\/caleidoscopio.saraolmos.com\/index.php?rest_route=\/wp\/v2\/posts\/949\/revisions\/960"}],"wp:attachment":[{"href":"http:\/\/caleidoscopio.saraolmos.com\/index.php?rest_route=%2Fwp%2Fv2%2Fmedia&parent=949"}],"wp:term":[{"taxonomy":"category","embeddable":true,"href":"http:\/\/caleidoscopio.saraolmos.com\/index.php?rest_route=%2Fwp%2Fv2%2Fcategories&post=949"},{"taxonomy":"post_tag","embeddable":true,"href":"http:\/\/caleidoscopio.saraolmos.com\/index.php?rest_route=%2Fwp%2Fv2%2Ftags&post=949"}],"curies":[{"name":"wp","href":"https:\/\/api.w.org\/{rel}","templated":true}]}}