{"id":1926,"date":"2016-03-13T11:47:48","date_gmt":"2016-03-13T10:47:48","guid":{"rendered":"http:\/\/caleidoscopio.saraolmos.com\/?p=1926"},"modified":"2016-03-18T17:22:37","modified_gmt":"2016-03-18T16:22:37","slug":"palazzo-massimo-alle-terme","status":"publish","type":"post","link":"http:\/\/caleidoscopio.saraolmos.com\/?p=1926","title":{"rendered":"Palazzo Massimo alle Terme"},"content":{"rendered":"<p>Esta es una de las joyas del Museo: una escultura de un <a href=\"https:\/\/es.wikipedia.org\/wiki\/Pugil_en_reposo\" target=\"_blank\">p\u00fagil en reposo<\/a>, con las marcas de la pelea en su piel de bronze.<\/p>\n<p><img loading=\"lazy\" decoding=\"async\" class=\"alignnone\" src=\"https:\/\/farm2.staticflickr.com\/1494\/25629032542_c4636d8d72_o.jpg\" alt=\"Palazzo Massimo alle Terme\" width=\"800\" height=\"507\" \/><\/p>\n<p>Muchas cabezas con peinados y tocados maravillosos.<\/p>\n<p><img loading=\"lazy\" decoding=\"async\" src=\"https:\/\/farm2.staticflickr.com\/1471\/25123414183_7f42480498_o.jpg\" alt=\"Palazzo Massimo alle Terme\" width=\"800\" height=\"533\" \/><\/p>\n<p>La preciosa Teti pensativa y un acr\u00f3bata en una postura imposible.<\/p>\n<p><img loading=\"lazy\" decoding=\"async\" src=\"https:\/\/farm2.staticflickr.com\/1653\/25750026835_c51944862d_o.jpg\" alt=\"Palazzo Massimo alle Terme\" width=\"800\" height=\"534\" \/><\/p>\n<p>Y, por \u00faltimo, el para\u00edso en cuatro paredes, la <em><a href=\"https:\/\/it.wikipedia.org\/wiki\/Affreschi_del_ninfeo_sotterraneo_della_villa_di_Livia\" target=\"_blank\">Villa di Livia a Prima Porta<\/a><\/em>.<br \/>\nComo dice la canci\u00f3n de <a href=\"https:\/\/www.youtube.com\/watch?v=ZmeFXD-2DYg\" target=\"_blank\">Gino Paoli<\/a> &#8220;&#8230; questa stanza non ha pi\u00f9 pareti, ma alberi, alberi infiniti&#8230;&#8221;<\/p>\n<p><img loading=\"lazy\" decoding=\"async\" src=\"https:\/\/farm2.staticflickr.com\/1470\/25123416463_4dfe473263_o.jpg\" alt=\"Palazzo Massimo alle Terme\" width=\"800\" height=\"535\" \/><\/p>\n","protected":false},"excerpt":{"rendered":"<p>Esta es una de las joyas del Museo: una escultura de un p\u00fagil en reposo, con las marcas de la pelea en su piel de bronze. Muchas cabezas con peinados y tocados maravillosos. La preciosa Teti pensativa y un acr\u00f3bata en una postura imposible. Y, por \u00faltimo, el para\u00edso en cuatro paredes, la Villa di [&hellip;]<\/p>\n","protected":false},"author":1,"featured_media":0,"comment_status":"open","ping_status":"open","sticky":false,"template":"","format":"standard","meta":{"footnotes":""},"categories":[9],"tags":[518,294,46,499,48,531,47,532,533,520,530,529],"class_list":["post-1926","post","type-post","status-publish","format-standard","hentry","category-ilustracion","tag-dibujo","tag-drawing","tag-illustration","tag-ilustracion","tag-lapiz","tag-palazzo-massimo-alle-terme","tag-pencil","tag-roman-art","tag-sculptures","tag-sketch","tag-sketchbook","tag-sketching","post-preview"],"_links":{"self":[{"href":"http:\/\/caleidoscopio.saraolmos.com\/index.php?rest_route=\/wp\/v2\/posts\/1926","targetHints":{"allow":["GET"]}}],"collection":[{"href":"http:\/\/caleidoscopio.saraolmos.com\/index.php?rest_route=\/wp\/v2\/posts"}],"about":[{"href":"http:\/\/caleidoscopio.saraolmos.com\/index.php?rest_route=\/wp\/v2\/types\/post"}],"author":[{"embeddable":true,"href":"http:\/\/caleidoscopio.saraolmos.com\/index.php?rest_route=\/wp\/v2\/users\/1"}],"replies":[{"embeddable":true,"href":"http:\/\/caleidoscopio.saraolmos.com\/index.php?rest_route=%2Fwp%2Fv2%2Fcomments&post=1926"}],"version-history":[{"count":9,"href":"http:\/\/caleidoscopio.saraolmos.com\/index.php?rest_route=\/wp\/v2\/posts\/1926\/revisions"}],"predecessor-version":[{"id":1958,"href":"http:\/\/caleidoscopio.saraolmos.com\/index.php?rest_route=\/wp\/v2\/posts\/1926\/revisions\/1958"}],"wp:attachment":[{"href":"http:\/\/caleidoscopio.saraolmos.com\/index.php?rest_route=%2Fwp%2Fv2%2Fmedia&parent=1926"}],"wp:term":[{"taxonomy":"category","embeddable":true,"href":"http:\/\/caleidoscopio.saraolmos.com\/index.php?rest_route=%2Fwp%2Fv2%2Fcategories&post=1926"},{"taxonomy":"post_tag","embeddable":true,"href":"http:\/\/caleidoscopio.saraolmos.com\/index.php?rest_route=%2Fwp%2Fv2%2Ftags&post=1926"}],"curies":[{"name":"wp","href":"https:\/\/api.w.org\/{rel}","templated":true}]}}