{"id":1355,"date":"2012-11-21T17:00:39","date_gmt":"2012-11-21T16:00:39","guid":{"rendered":"http:\/\/caleidoscopio.saraolmos.com\/?p=1355"},"modified":"2013-10-05T14:37:14","modified_gmt":"2013-10-05T12:37:14","slug":"cumpleanos-i","status":"publish","type":"post","link":"http:\/\/caleidoscopio.saraolmos.com\/?p=1355","title":{"rendered":"Cumplea\u00f1os I"},"content":{"rendered":"<p><strong>\u00c1brete s\u00e9samo<\/strong>, y apareci\u00f3 una cueva llena de destellos de lugares m\u00e1gicos. Dos cumples con dos paisajes de cuento.<\/p>\n<p>El primero comenz\u00f3 con el bostezo del Vesubio, aunque es m\u00e1s apropiado <em>Vesuvio<\/em> en italiano, con dos uves como bocas que se asoman al centro de la tierra.<br \/>\n<img decoding=\"async\" class=\"alignnone\" title=\"Napoli\" src=\"http:\/\/farm9.staticflickr.com\/8489\/8206220908_6c7c6fe579_o.jpg\" alt=\"Vesuvio\" width=\"800\" \/><\/p>\n<p><img decoding=\"async\" src=\"http:\/\/farm9.staticflickr.com\/8058\/8205129385_0d1dc50271_o.jpg\" alt=\"Piazza del Plebiscito\" \/><\/p>\n<p>Vimos la casa donde vive el sol&#8230;<\/p>\n<p>&#8230;y duerme la luna.<\/p>\n<p><img decoding=\"async\" src=\"http:\/\/farm9.staticflickr.com\/8201\/8206220674_d6c6b1e578_o.jpg\" alt=\"Piazza del Plebiscito\" width=\"800\"  \/><\/p>\n<p>&#8211;<\/p>\n<p><img decoding=\"async\" src=\"http:\/\/farm9.staticflickr.com\/8068\/8205129317_c9e3cc3d84_o.jpg\" alt=\"ministeriale di Scaturchio\" \/><\/p>\n<p>Comimos una extra\u00f1a galleta&#8230;<\/p>\n<p>&#8230;que convirti\u00f3 nuestro entorno en miniatura.<\/p>\n<p><img decoding=\"async\" src=\"http:\/\/farm9.staticflickr.com\/8480\/8206221420_c8a48547bc_o.jpg\" alt=\"spaccanapoli\" width=\"800\" \/><\/p>\n<p>Y finalmente lo celebramos con una curiosa tarta de cumplea\u00f1os.<\/p>\n<p><img decoding=\"async\" src=\"http:\/\/farm9.staticflickr.com\/8206\/8205129681_882dd3a721_o.jpg\" alt=\"Pizze\" width=\"800\" \/><\/p>\n<p>Pero se hizo de d\u00eda y Sherezade call\u00f3 discretamente&#8230;<\/p>\n<p>Ma\u00f1ana la segunda parte. :)<\/p>\n","protected":false},"excerpt":{"rendered":"<p>\u00c1brete s\u00e9samo, y apareci\u00f3 una cueva llena de destellos de lugares m\u00e1gicos. Dos cumples con dos paisajes de cuento. El primero comenz\u00f3 con el bostezo del Vesubio, aunque es m\u00e1s apropiado Vesuvio en italiano, con dos uves como bocas que se asoman al centro de la tierra. Vimos la casa donde vive el sol&#8230; &#8230;y [&hellip;]<\/p>\n","protected":false},"author":1,"featured_media":0,"comment_status":"open","ping_status":"open","sticky":false,"template":"","format":"standard","meta":{"footnotes":""},"categories":[4,35],"tags":[387,507,41,388,317],"class_list":["post-1355","post","type-post","status-publish","format-standard","hentry","category-foto","category-italia","tag-birthday","tag-italia","tag-italy","tag-naples","tag-napoli","post-preview"],"_links":{"self":[{"href":"http:\/\/caleidoscopio.saraolmos.com\/index.php?rest_route=\/wp\/v2\/posts\/1355","targetHints":{"allow":["GET"]}}],"collection":[{"href":"http:\/\/caleidoscopio.saraolmos.com\/index.php?rest_route=\/wp\/v2\/posts"}],"about":[{"href":"http:\/\/caleidoscopio.saraolmos.com\/index.php?rest_route=\/wp\/v2\/types\/post"}],"author":[{"embeddable":true,"href":"http:\/\/caleidoscopio.saraolmos.com\/index.php?rest_route=\/wp\/v2\/users\/1"}],"replies":[{"embeddable":true,"href":"http:\/\/caleidoscopio.saraolmos.com\/index.php?rest_route=%2Fwp%2Fv2%2Fcomments&post=1355"}],"version-history":[{"count":11,"href":"http:\/\/caleidoscopio.saraolmos.com\/index.php?rest_route=\/wp\/v2\/posts\/1355\/revisions"}],"predecessor-version":[{"id":1620,"href":"http:\/\/caleidoscopio.saraolmos.com\/index.php?rest_route=\/wp\/v2\/posts\/1355\/revisions\/1620"}],"wp:attachment":[{"href":"http:\/\/caleidoscopio.saraolmos.com\/index.php?rest_route=%2Fwp%2Fv2%2Fmedia&parent=1355"}],"wp:term":[{"taxonomy":"category","embeddable":true,"href":"http:\/\/caleidoscopio.saraolmos.com\/index.php?rest_route=%2Fwp%2Fv2%2Fcategories&post=1355"},{"taxonomy":"post_tag","embeddable":true,"href":"http:\/\/caleidoscopio.saraolmos.com\/index.php?rest_route=%2Fwp%2Fv2%2Ftags&post=1355"}],"curies":[{"name":"wp","href":"https:\/\/api.w.org\/{rel}","templated":true}]}}