{"id":1208,"date":"2012-03-27T12:30:11","date_gmt":"2012-03-27T10:30:11","guid":{"rendered":"http:\/\/caleidoscopio.saraolmos.com\/?p=1208"},"modified":"2012-04-05T22:37:37","modified_gmt":"2012-04-05T20:37:37","slug":"garza","status":"publish","type":"post","link":"http:\/\/caleidoscopio.saraolmos.com\/?p=1208","title":{"rendered":"Garza"},"content":{"rendered":"<p style=\"text-align: right;\"><em>Para mi <strong>padre<\/strong>, que hoy cumple un a\u00f1o.<\/em><\/p>\n<p>Hace un a\u00f1o conocimos a los inquilinos de un castillo con patio y fuente.<\/p>\n<p><img loading=\"lazy\" decoding=\"async\" class=\"alignnone\" title=\"Ospedale San Giovanni Battista\" src=\"http:\/\/farm8.staticflickr.com\/7231\/7020421759_0f56abdcaf_o.jpg\" alt=\"\" width=\"500\" height=\"281\" \/><\/p>\n<p><img loading=\"lazy\" decoding=\"async\" class=\"alignnone\" title=\"Ospedale San Giovanni Battista\" src=\"http:\/\/farm8.staticflickr.com\/7123\/7020422233_4eba29cc36_o.jpg\" alt=\"\" width=\"500\" height=\"291\" \/><\/p>\n<p>Un conejo pardo, que quer\u00eda ser pi\u00f1a.<\/p>\n<p><img loading=\"lazy\" decoding=\"async\" class=\"alignnone\" title=\"Conejo pi\u00f1a\" src=\"http:\/\/farm8.staticflickr.com\/7140\/6874321410_1bc412b5a7_o.jpg\" alt=\"\" width=\"500\" height=\"329\" \/><\/p>\n<p>Un conejo blanco, sin reloj y sin prisa.<\/p>\n<p><img loading=\"lazy\" decoding=\"async\" class=\"alignnone\" title=\"Conejo blanco\" src=\"http:\/\/farm8.staticflickr.com\/7227\/7020424385_6a01aa9f7c_o.jpg\" alt=\"\" width=\"500\" height=\"725\" \/><\/p>\n<p>Unas nutrias que algunos cre\u00edan ratas (no, no, eran nutrias).<\/p>\n<p><img loading=\"lazy\" decoding=\"async\" class=\"alignnone\" title=\"Nutrias\" src=\"http:\/\/farm8.staticflickr.com\/7079\/6874320100_20a47c4bd9_o.jpg\" alt=\"\" width=\"500\" height=\"365\" \/><\/p>\n<p>Un jardinero disfrazado de conejo.<\/p>\n<p><img loading=\"lazy\" decoding=\"async\" class=\"alignnone\" title=\"Conejo jardinero\" src=\"http:\/\/farm8.staticflickr.com\/7225\/7020423823_4c7db1e947_o.jpg\" alt=\"\" width=\"500\" height=\"649\" \/><\/p>\n<p>Un gato con nostalgia de Sabana.<\/p>\n<p><img loading=\"lazy\" decoding=\"async\" class=\"alignnone\" title=\"Gato\" src=\"http:\/\/farm8.staticflickr.com\/7227\/7020422941_e8f0538c82_o.jpg\" alt=\"\" width=\"500\" height=\"352\" \/><\/p>\n<p>Y sobre todo, una <strong>garza<\/strong>, siempre solitaria, que nos acompa\u00f1\u00f3 durante dos meses.<\/p>\n<p><img loading=\"lazy\" decoding=\"async\" class=\"alignnone\" title=\"Garza solitaria\" src=\"http:\/\/farm8.staticflickr.com\/7037\/6874320900_8715cdca5e_o.jpg\" alt=\"\" width=\"500\" height=\"345\" \/><\/p>\n<p>Mi padre volvi\u00f3 a aprender a caminar y dijo <em>lunes<\/em>, <em>mam\u00e1<\/em>, <em>Ricardo<\/em> y <em>Sara<\/em>.<\/p>\n<p>Y la garza conoci\u00f3 a otra garza, y se hizo eterna.<\/p>\n<p><img loading=\"lazy\" decoding=\"async\" class=\"alignnone\" title=\"Garzas\" src=\"http:\/\/farm8.staticflickr.com\/7115\/6874320738_d974c073f2_o.jpg\" alt=\"\" width=\"500\" height=\"760\" \/><\/p>\n<p>Every tree has its bird.<\/p>\n<p><img loading=\"lazy\" decoding=\"async\" class=\"alignnone\" title=\"Every tree has its bird\" src=\"http:\/\/farm8.staticflickr.com\/7222\/7020424895_f1ac2b9e8e_o.jpg\" alt=\"\" width=\"500\" height=\"708\" \/><\/p>\n","protected":false},"excerpt":{"rendered":"<p>Para mi padre, que hoy cumple un a\u00f1o. Hace un a\u00f1o conocimos a los inquilinos de un castillo con patio y fuente. Un conejo pardo, que quer\u00eda ser pi\u00f1a. Un conejo blanco, sin reloj y sin prisa. Unas nutrias que algunos cre\u00edan ratas (no, no, eran nutrias). Un jardinero disfrazado de conejo. Un gato con [&hellip;]<\/p>\n","protected":false},"author":1,"featured_media":0,"comment_status":"open","ping_status":"open","sticky":false,"template":"","format":"standard","meta":{"footnotes":""},"categories":[4,14],"tags":[273,266,270,264,64,267,269,271,268,265,272,501],"class_list":["post-1208","post","type-post","status-publish","format-standard","hentry","category-foto","category-roma","tag-animales","tag-caballeros-de-malta","tag-conejos","tag-garza","tag-gato","tag-hospital","tag-marzo-2011","tag-nutrias","tag-ospedale","tag-papa","tag-ratas","tag-roma","post-preview"],"_links":{"self":[{"href":"http:\/\/caleidoscopio.saraolmos.com\/index.php?rest_route=\/wp\/v2\/posts\/1208","targetHints":{"allow":["GET"]}}],"collection":[{"href":"http:\/\/caleidoscopio.saraolmos.com\/index.php?rest_route=\/wp\/v2\/posts"}],"about":[{"href":"http:\/\/caleidoscopio.saraolmos.com\/index.php?rest_route=\/wp\/v2\/types\/post"}],"author":[{"embeddable":true,"href":"http:\/\/caleidoscopio.saraolmos.com\/index.php?rest_route=\/wp\/v2\/users\/1"}],"replies":[{"embeddable":true,"href":"http:\/\/caleidoscopio.saraolmos.com\/index.php?rest_route=%2Fwp%2Fv2%2Fcomments&post=1208"}],"version-history":[{"count":5,"href":"http:\/\/caleidoscopio.saraolmos.com\/index.php?rest_route=\/wp\/v2\/posts\/1208\/revisions"}],"predecessor-version":[{"id":1215,"href":"http:\/\/caleidoscopio.saraolmos.com\/index.php?rest_route=\/wp\/v2\/posts\/1208\/revisions\/1215"}],"wp:attachment":[{"href":"http:\/\/caleidoscopio.saraolmos.com\/index.php?rest_route=%2Fwp%2Fv2%2Fmedia&parent=1208"}],"wp:term":[{"taxonomy":"category","embeddable":true,"href":"http:\/\/caleidoscopio.saraolmos.com\/index.php?rest_route=%2Fwp%2Fv2%2Fcategories&post=1208"},{"taxonomy":"post_tag","embeddable":true,"href":"http:\/\/caleidoscopio.saraolmos.com\/index.php?rest_route=%2Fwp%2Fv2%2Ftags&post=1208"}],"curies":[{"name":"wp","href":"https:\/\/api.w.org\/{rel}","templated":true}]}}